{"id":430,"date":"2012-02-19T09:15:25","date_gmt":"2012-02-19T08:15:25","guid":{"rendered":"http:\/\/kszgk.com\/bielecki\/?p=430"},"modified":"2012-02-19T09:24:32","modified_gmt":"2012-02-19T08:24:32","slug":"mt-bielecki-top-players-update-as-of-19-02-2012","status":"publish","type":"post","link":"http:\/\/kszgk.com\/bielecki\/mt-bielecki-top-players-update-as-of-19-02-2012\/","title":{"rendered":"MT-Bielecki Top Players update as of 19.02.2012"},"content":{"rendered":"<p>&nbsp;<\/p>\n<p>Three players gained lately GM norms:<\/p>\n<ul>\n<li><strong>Zbigniew Szczepa\u0144ski (POL)<\/strong> on 09.01.2012 in Andrej \u0160u\u0161tar\u0161ic Memorial, this is his 3rd GM norm;<\/li>\n<li><strong>Ren\u00e9-Reiner Starke (GER)<\/strong> on 11.02.2012 in Romanian Chess Federation 85 Years, this is his 1st GM norm;<\/li>\n<li><strong>Ron Langeveld (NED)<\/strong> on 12.02.2012 in World Championship 26 Final, where he is leading now (9,5+2) and World Champion title is very close; this is his 6th GM norm.<\/li>\n<\/ul>\n<p><strong>Congratulations!<\/strong><\/p>\n<p>&nbsp;<\/p>\n<p>Short biographical notes and statistics for MT-Bielecki participants\u00a0have been\u00a0updated accordingly.<\/p>\n<p><strong>Biographies<\/strong><\/p>\n<table width=\"512\" border=\"3\" cellspacing=\"0\" cellpadding=\"0\">\n<colgroup>\n<col width=\"249\" \/><\/colgroup>\n<colgroup>\n<col width=\"72\" \/><\/colgroup>\n<colgroup>\n<col width=\"191\" \/><\/colgroup>\n<tbody>\n<tr>\n<td width=\"249\" height=\"19\">Short biographical notes of participants<\/td>\n<td rowspan=\"2\" width=\"72\"><a href=\"http:\/\/kszgk.com\/bielecki\/wp-content\/uploads\/2012\/02\/MT-Bielecki-120219.pdf\">click here (kliknij tutaj)<\/a><\/td>\n<td rowspan=\"2\" width=\"191\">updated (zaktualizowano) 19.02.2012<\/td>\n<\/tr>\n<tr>\n<td height=\"19\">Kr\u00f3tkie notki biograficzne uczestnik\u00f3w<\/td>\n<\/tr>\n<\/tbody>\n<\/table>\n<p>&nbsp;<\/p>\n<p><strong>Statistics<\/strong><\/p>\n<table width=\"512\" border=\"3\" cellspacing=\"0\" cellpadding=\"0\">\n<colgroup>\n<col width=\"249\" \/><\/colgroup>\n<colgroup>\n<col width=\"72\" \/><\/colgroup>\n<colgroup>\n<col width=\"191\" \/><\/colgroup>\n<tbody>\n<tr>\n<td width=\"249\" height=\"19\">Some statistics for MT-Bielecki participants<\/td>\n<td rowspan=\"2\" width=\"72\"><a href=\"http:\/\/kszgk.com\/bielecki\/wp-content\/uploads\/2012\/02\/MT-Bielecki-stat-1202193.htm\">click here (kliknij tutaj)<\/a><\/td>\n<td rowspan=\"2\" width=\"191\">updated (zaktualizowano) 19.02.2012<\/td>\n<\/tr>\n<tr>\n<td height=\"19\">Wybrane statystyki uczestnik\u00f3w Memoria\u0142u Bieleckiego<\/td>\n<\/tr>\n<\/tbody>\n<\/table>\n<p>&nbsp;<\/p>\n","protected":false},"excerpt":{"rendered":"<p>&nbsp;<\/p>\n<p>Three players gained lately GM norms:<\/p>\n<p> Zbigniew Szczepa\u0144ski (POL) on 09.01.2012 in Andrej \u0160u\u0161tar\u0161ic Memorial, this is his 3rd GM norm; Ren\u00e9-Reiner Starke (GER) on 11.02.2012 in Romanian Chess Federation 85 Years, this is his 1st GM norm; Ron Langeveld (NED) on 12.02.2012 in World Championship 26 Final, where he is leading now (9,5+2) [&#8230;]<\/p>\n","protected":false},"author":1,"featured_media":0,"comment_status":"closed","ping_status":"open","sticky":false,"template":"","format":"standard","meta":[],"categories":[1],"tags":[8],"_links":{"self":[{"href":"http:\/\/kszgk.com\/bielecki\/wp-json\/wp\/v2\/posts\/430"}],"collection":[{"href":"http:\/\/kszgk.com\/bielecki\/wp-json\/wp\/v2\/posts"}],"about":[{"href":"http:\/\/kszgk.com\/bielecki\/wp-json\/wp\/v2\/types\/post"}],"author":[{"embeddable":true,"href":"http:\/\/kszgk.com\/bielecki\/wp-json\/wp\/v2\/users\/1"}],"replies":[{"embeddable":true,"href":"http:\/\/kszgk.com\/bielecki\/wp-json\/wp\/v2\/comments?post=430"}],"version-history":[{"count":7,"href":"http:\/\/kszgk.com\/bielecki\/wp-json\/wp\/v2\/posts\/430\/revisions"}],"predecessor-version":[{"id":436,"href":"http:\/\/kszgk.com\/bielecki\/wp-json\/wp\/v2\/posts\/430\/revisions\/436"}],"wp:attachment":[{"href":"http:\/\/kszgk.com\/bielecki\/wp-json\/wp\/v2\/media?parent=430"}],"wp:term":[{"taxonomy":"category","embeddable":true,"href":"http:\/\/kszgk.com\/bielecki\/wp-json\/wp\/v2\/categories?post=430"},{"taxonomy":"post_tag","embeddable":true,"href":"http:\/\/kszgk.com\/bielecki\/wp-json\/wp\/v2\/tags?post=430"}],"curies":[{"name":"wp","href":"https:\/\/api.w.org\/{rel}","templated":true}]}}