{"id":417,"date":"2011-09-19T09:28:47","date_gmt":"2011-09-19T07:28:47","guid":{"rendered":"http:\/\/kszgk.com\/bielecki\/?p=417"},"modified":"2012-02-10T09:29:57","modified_gmt":"2012-02-10T08:29:57","slug":"memorial-witolda-bieleckiego-%e2%80%93-turniej-druzynowy-ogloszenie","status":"publish","type":"post","link":"http:\/\/kszgk.com\/bielecki\/memorial-witolda-bieleckiego-%e2%80%93-turniej-druzynowy-ogloszenie\/","title":{"rendered":"Memoria\u0142 Witolda Bieleckiego \u2013 turniej dru\u017cynowy &#8211; og\u0142oszenie"},"content":{"rendered":"<p>Dyrektor strefy 1 (ICCF-Europa), Gian-Maria Tani (ITA), zaprasza europejskie federacje cz\u0142onkowskie do udzia\u0142u w turnieju dru\u017cynowym rozgrywanym za po\u015brednictwem serwera.<\/p>\n<p>Zawody b\u0119d\u0105 zorganizowane podobnie do Memoria\u0142u Harro Otte (wystartowa\u0142 w 2007, a obecnie <a href=\"http:\/\/www.iccf-webchess.com\/EventCrossTable.aspx?id=20098\">fina\u0142<\/a> dobiega ko\u0144ca, w kt\u00f3rym nasza dru\u017cyna ma szanse na 7 miejsce przy 9 zespo\u0142ach). Jest to druga edycja tej rangi turnieju. Tym razem turniej zosta\u0142 po\u015bwi\u0119cony pami\u0119ci Witolda Bieleckiego, delegata Polski do ICCF, kt\u00f3ry zmar\u0142 05.04.2008.<\/p>\n<p>Ka\u017cda federacja narodowa ma prawo wystawi\u0107 jedn\u0105 dru\u017cyn\u0119 sk\u0142adaj\u0105c\u0105 si\u0119 z 6 os\u00f3b.<\/p>\n<p>\u015aredni ranking dru\u017cyny (wg listy rankingowej 2011\/4) nie mo\u017ce by\u0107 wi\u0119kszy ni\u017c 2000, dru\u017cyna nie mo\u017ce posiada\u0107 osoby o rankingu wy\u017cszym od 2050, dopuszcza si\u0119 maksymalnie dwie osoby z rankingiem powy\u017cej 2000. Osoby bez rankingu b\u0119d\u0105 mia\u0142y przypisany ranking 1800.<\/p>\n<p>Zawody b\u0119d\u0105 dwuetapowe \u2013 eliminacje i fina\u0142. Grupy b\u0119d\u0105 liczy\u0142y od 7 do 9 dru\u017cyn. Zawodnicy, kt\u00f3rych ranking wzro\u015bnie ponad wymagany, b\u0119d\u0105 mogli uczestniczy\u0107 w finale, ale ka\u017cdy zast\u0119pca ju\u017c b\u0119dzie musia\u0142 spe\u0142nia\u0107 ograniczenia rankingowe.<\/p>\n<p>Zawody planuje si\u0119 uruchomi\u0107 na prze\u0142omie stycznia i lutego 2012.<\/p>\n<p>Do dru\u017cyny reprezentuj\u0105cej Polsk\u0119 mog\u0105 kandydowa\u0107 osoby o sta\u0142ym rankingu ICCF, czyli po rozegraniu minimum 30 partii. W zg\u0142oszeniu osoba kandyduj\u0105ca powinna poda\u0107:<\/p>\n<ul>\n<li>imi\u0119 i nazwisko, numer identyfikacyjny ICCF, adres zamieszkania, telefon kontaktowy, wa\u017cny adres e-mail (zgodny z tym w profilu konta ICCF) oraz czy pe\u0142ni\u0142a ju\u017c funkcj\u0119 kapitana dru\u017cyny (lub posiada uprawnienia s\u0119dziego) i poziom znajomo\u015bci j\u0119zyka angielskiego.<\/li>\n<\/ul>\n<p>Zg\u0142oszenia do reprezentacji Polski prosz\u0119 kierowa\u0107 do delegata (na adres: <a href=\"mailto:kszgk.turnieje@gmail.com\">kszgk.turnieje@gmail.com<\/a>) <strong>do dnia 20.11.2011<\/strong>.<\/p>\n<p>Oko\u0142o 30.11.2011 zostanie og\u0142oszony sk\u0142ad dru\u017cyny (w tym rezerwowi), kt\u00f3ra b\u0119dzie reprezentowa\u0142a Polsk\u0119 w tym memoriale.<\/p>\n<p>Nie ma wpisowego do tego turnieju.<\/p>\n<p>Jest to unikalna propozycja dla os\u00f3b o ni\u017cszym rankingu, kt\u00f3re normalnie nie mia\u0142yby szans na reprezentowanie kraju oraz start w oficjalnych zawodach dru\u017cynowych ICCF.<\/p>\n","protected":false},"excerpt":{"rendered":"<p>Dyrektor strefy 1 (ICCF-Europa), Gian-Maria Tani (ITA), zaprasza europejskie federacje cz\u0142onkowskie do udzia\u0142u w turnieju dru\u017cynowym rozgrywanym za po\u015brednictwem serwera.<\/p>\n<p>Zawody b\u0119d\u0105 zorganizowane podobnie do Memoria\u0142u Harro Otte (wystartowa\u0142 w 2007, a obecnie fina\u0142 dobiega ko\u0144ca, w kt\u00f3rym nasza dru\u017cyna ma szanse na 7 miejsce przy 9 zespo\u0142ach). Jest to druga edycja tej rangi turnieju. [&#8230;]<\/p>\n","protected":false},"author":1,"featured_media":0,"comment_status":"closed","ping_status":"open","sticky":false,"template":"","format":"standard","meta":[],"categories":[1],"tags":[9],"_links":{"self":[{"href":"http:\/\/kszgk.com\/bielecki\/wp-json\/wp\/v2\/posts\/417"}],"collection":[{"href":"http:\/\/kszgk.com\/bielecki\/wp-json\/wp\/v2\/posts"}],"about":[{"href":"http:\/\/kszgk.com\/bielecki\/wp-json\/wp\/v2\/types\/post"}],"author":[{"embeddable":true,"href":"http:\/\/kszgk.com\/bielecki\/wp-json\/wp\/v2\/users\/1"}],"replies":[{"embeddable":true,"href":"http:\/\/kszgk.com\/bielecki\/wp-json\/wp\/v2\/comments?post=417"}],"version-history":[{"count":1,"href":"http:\/\/kszgk.com\/bielecki\/wp-json\/wp\/v2\/posts\/417\/revisions"}],"predecessor-version":[{"id":418,"href":"http:\/\/kszgk.com\/bielecki\/wp-json\/wp\/v2\/posts\/417\/revisions\/418"}],"wp:attachment":[{"href":"http:\/\/kszgk.com\/bielecki\/wp-json\/wp\/v2\/media?parent=417"}],"wp:term":[{"taxonomy":"category","embeddable":true,"href":"http:\/\/kszgk.com\/bielecki\/wp-json\/wp\/v2\/categories?post=417"},{"taxonomy":"post_tag","embeddable":true,"href":"http:\/\/kszgk.com\/bielecki\/wp-json\/wp\/v2\/tags?post=417"}],"curies":[{"name":"wp","href":"https:\/\/api.w.org\/{rel}","templated":true}]}}